{"id":4544,"date":"2023-11-10T17:57:42","date_gmt":"2023-11-10T15:57:42","guid":{"rendered":"https:\/\/www.nokiankylat.fi\/taivalkunta\/?p=4544"},"modified":"2023-11-10T17:58:05","modified_gmt":"2023-11-10T15:58:05","slug":"kaupunginvaltuutettuja-kylakuullolla","status":"publish","type":"post","link":"https:\/\/www.nokiankylat.fi\/taivalkunta\/2023\/11\/10\/kaupunginvaltuutettuja-kylakuullolla\/","title":{"rendered":"Kaupunginvaltuutettuja kyl\u00e4kuullolla"},"content":{"rendered":"<p><a href=\"https:\/\/www.nokiankylat.fi\/taivalkunta\/wp-content\/uploads\/sites\/11\/2023\/11\/KUNTAPAATTAJIA-SARKOLASSA-scaled-e1699631839694.jpg\"><img loading=\"lazy\" decoding=\"async\" class=\"alignnone wp-image-4545 size-medium\" src=\"https:\/\/www.nokiankylat.fi\/taivalkunta\/wp-content\/uploads\/sites\/11\/2023\/11\/KUNTAPAATTAJIA-SARKOLASSA-scaled-e1699631839694-300x148.jpg\" alt=\"\" width=\"300\" height=\"148\" srcset=\"https:\/\/www.nokiankylat.fi\/taivalkunta\/wp-content\/uploads\/sites\/11\/2023\/11\/KUNTAPAATTAJIA-SARKOLASSA-scaled-e1699631839694-300x148.jpg 300w, https:\/\/www.nokiankylat.fi\/taivalkunta\/wp-content\/uploads\/sites\/11\/2023\/11\/KUNTAPAATTAJIA-SARKOLASSA-scaled-e1699631839694-1024x504.jpg 1024w, https:\/\/www.nokiankylat.fi\/taivalkunta\/wp-content\/uploads\/sites\/11\/2023\/11\/KUNTAPAATTAJIA-SARKOLASSA-scaled-e1699631839694-768x378.jpg 768w, https:\/\/www.nokiankylat.fi\/taivalkunta\/wp-content\/uploads\/sites\/11\/2023\/11\/KUNTAPAATTAJIA-SARKOLASSA-scaled-e1699631839694-1536x756.jpg 1536w, https:\/\/www.nokiankylat.fi\/taivalkunta\/wp-content\/uploads\/sites\/11\/2023\/11\/KUNTAPAATTAJIA-SARKOLASSA-scaled-e1699631839694-2048x1008.jpg 2048w\" sizes=\"auto, (max-width: 300px) 100vw, 300px\" \/><\/a><\/p>\n<p><em>Kuvassa Matti Salin (PS), Merja Techtolin (Vas), Anneli Lehtonen (Vas), Teresa Kvick (Vas), Timo Alakoski\u00a0 (kok) ja Jani Erola (PS)<\/em><\/p>\n<p>&nbsp;<\/p>\n<p>Taivalkunnan ja Sarkolan 8. marraskuuta yhdess\u00e4 j\u00e4rjest\u00e4m\u00e4ss\u00e4 tilaisuudessa P\u00e4iv\u00f6l\u00e4ss\u00e4 oli kyl\u00e4l\u00e4isten vieraana kuntap\u00e4\u00e4tt\u00e4ji\u00e4. He ilmaisivat kiinnostuksensa kyseisten kylien noin 1000 hengen asioista ja halusivat lis\u00e4t\u00e4 jo ennest\u00e4\u00e4n hyv\u00e4\u00e4 tiet\u00e4myst\u00e4\u00e4n kyl\u00e4koulun ja kyl\u00e4yhteis\u00f6jen toimintatavoista.<\/p>\n<p>Pienen alustuksen j\u00e4lkeen vieraillamme oli tilaisuus esitt\u00e4\u00e4 omia kantojaan ja tehd\u00e4 kysymyksi\u00e4 kyl\u00e4v\u00e4elle. Kysymyksi\u00e4 riitti ja niihin varattu puolitoistatuntinen t\u00e4yttyi nopeasti. Yksityiskohtaista tietoa jaettiin monista asiaoista.<\/p>\n<p>Kouluilla tapahtuu kouluty\u00f6n lis\u00e4ksi paljon harrastustoimintaa, kuten liikuntakerho, puuhakerho pienille, Martta-yhteisty\u00f6t\u00e4, Makumukset toimintaa ja piha-alueilla jalkapallo, pes\u00e4pallo, j\u00e4\u00e4kiekko- jne. toimintaa.<\/p>\n<p>Kaupungin huoltovarmuusasiat olivat esill\u00e4 kattaen l\u00e4hiruoan tuottamisen sek\u00e4 koulun ja ymp\u00e4rist\u00f6n kokoavan voiman henkisess\u00e4 mieless\u00e4kin. K\u00e4vi selv\u00e4ksi, ett\u00e4 my\u00f6s kaupungin veto- ja pitovoima on kyl\u00e4koulut.<\/p>\n<p>Kirjastoautokuljettaja Emma Karimaalta saimme kuulla kuinka kouluissa, juuri kyl\u00e4kouluissa on todella ahkeria lainaajia, selv\u00e4sti keskim\u00e4\u00e4r\u00e4ist\u00e4 aktiivisempia.<\/p>\n<p>Taivalkuntalainen nuori, Amelia Lahti, toi tervehdyksen kokemuksista siirrytt\u00e4ess\u00e4 Taivalkunnan koulusta Em\u00e4kosken kouluun. Nyt h\u00e4n opiskelee Nokian keskustassa ja luonnollisesti asiat ovat viel\u00e4 hyv\u00e4ss\u00e4 muistissa.<\/p>\n<p>Muutaman ensip\u00e4iv\u00e4n j\u00e4lkeen pienen koulun oppilaat tutustuvat hyvin uusiin kavereihin. My\u00f6hemmin ovat ensimm\u00e4isi\u00e4, jotka huomioivat uudet tulokkaat. Huomionarvoista on, ett\u00e4 k\u00e4ytt\u00e4ytymistavat ovat poikkeuksellisen kohteliaita, tervehdit\u00e4\u00e4n opettajia, entisi\u00e4 eri-ik\u00e4isikin tuttuja ja ollaan yst\u00e4v\u00e4llisi\u00e4.<\/p>\n<p>Pieness\u00e4 koulussa kaveripiiriss\u00e4 on monen ik\u00e4isi\u00e4 henkil\u00f6it\u00e4, joka on osaltaan mahdollistanut vanhemmilta nuorilta hyv\u00e4n tiedonsaannin asioista ennakkoon. Lis\u00e4havaintona on, ett\u00e4 kylill\u00e4 koulunsa k\u00e4yneet ja kasvaneet ovat liikunnallisia ja k\u00e4dentaitoja omaavia, jatkoi Amelia.<\/p>\n<p>Antoisan tapaamisen j\u00e4lkeen jatkettiin kokoustamista viel\u00e4\u00a0<span style=\"font-family: inherit;font-size: 0.875rem\">kyl\u00e4l\u00e4isten kesken.<\/span><\/p>\n<p>Olli Sorva<\/p>\n","protected":false},"excerpt":{"rendered":"<p>Kuvassa Matti Salin (PS), Merja Techtolin (Vas), Anneli Lehtonen (Vas), Teresa Kvick (Vas), Timo Alakoski\u00a0 (kok) ja Jani Erola (PS) &nbsp; Taivalkunnan ja Sarkolan 8. marraskuuta yhdess\u00e4 j\u00e4rjest\u00e4m\u00e4ss\u00e4 tilaisuudessa P\u00e4iv\u00f6l\u00e4ss\u00e4 oli kyl\u00e4l\u00e4isten vieraana kuntap\u00e4\u00e4tt\u00e4ji\u00e4. He ilmaisivat kiinnostuksensa kyseisten kylien noin 1000 hengen asioista ja halusivat lis\u00e4t\u00e4 jo ennest\u00e4\u00e4n hyv\u00e4\u00e4 tiet\u00e4myst\u00e4\u00e4n kyl\u00e4koulun ja kyl\u00e4yhteis\u00f6jen toimintatavoista. Pienen &hellip; <a href=\"https:\/\/www.nokiankylat.fi\/taivalkunta\/2023\/11\/10\/kaupunginvaltuutettuja-kylakuullolla\/\">Jatkuu<\/a><\/p>\n","protected":false},"author":4,"featured_media":0,"comment_status":"closed","ping_status":"closed","sticky":false,"template":"","format":"standard","meta":{"_acf_changed":false,"footnotes":""},"categories":[7,1],"tags":[],"class_list":["post-4544","post","type-post","status-publish","format-standard","hentry","category-uutiset","category-yleinen"],"acf":[],"_links":{"self":[{"href":"https:\/\/www.nokiankylat.fi\/taivalkunta\/wp-json\/wp\/v2\/posts\/4544","targetHints":{"allow":["GET"]}}],"collection":[{"href":"https:\/\/www.nokiankylat.fi\/taivalkunta\/wp-json\/wp\/v2\/posts"}],"about":[{"href":"https:\/\/www.nokiankylat.fi\/taivalkunta\/wp-json\/wp\/v2\/types\/post"}],"author":[{"embeddable":true,"href":"https:\/\/www.nokiankylat.fi\/taivalkunta\/wp-json\/wp\/v2\/users\/4"}],"replies":[{"embeddable":true,"href":"https:\/\/www.nokiankylat.fi\/taivalkunta\/wp-json\/wp\/v2\/comments?post=4544"}],"version-history":[{"count":2,"href":"https:\/\/www.nokiankylat.fi\/taivalkunta\/wp-json\/wp\/v2\/posts\/4544\/revisions"}],"predecessor-version":[{"id":4547,"href":"https:\/\/www.nokiankylat.fi\/taivalkunta\/wp-json\/wp\/v2\/posts\/4544\/revisions\/4547"}],"wp:attachment":[{"href":"https:\/\/www.nokiankylat.fi\/taivalkunta\/wp-json\/wp\/v2\/media?parent=4544"}],"wp:term":[{"taxonomy":"category","embeddable":true,"href":"https:\/\/www.nokiankylat.fi\/taivalkunta\/wp-json\/wp\/v2\/categories?post=4544"},{"taxonomy":"post_tag","embeddable":true,"href":"https:\/\/www.nokiankylat.fi\/taivalkunta\/wp-json\/wp\/v2\/tags?post=4544"}],"curies":[{"name":"wp","href":"https:\/\/api.w.org\/{rel}","templated":true}]}}