{"id":4722,"date":"2024-06-12T18:15:21","date_gmt":"2024-06-12T15:15:21","guid":{"rendered":"https:\/\/www.nokiankylat.fi\/taivalkunta\/?p=4722"},"modified":"2024-06-13T18:33:33","modified_gmt":"2024-06-13T15:33:33","slug":"kylien-yhteistyo","status":"publish","type":"post","link":"https:\/\/www.nokiankylat.fi\/taivalkunta\/2024\/06\/12\/kylien-yhteistyo\/","title":{"rendered":"Kylien yhteisty\u00f6"},"content":{"rendered":"<div class=\"article-info hide-if-empty padding-x-16 margin-bottom-8\">\n<h2><strong>Kylien yhteisty\u00f6 kannattaa ja antaa lis\u00e4potkua, kirjoittaa Olli Sorva<\/strong><\/h2>\n<\/div>\n<p class=\"ab-test-ingress article-ingress--medium\">Sarkolan ja Taivalkunnan yhteinen kyl\u00e4lehti jaettiin lapsille kummankin kyl\u00e4n koulun viimeisess\u00e4 kev\u00e4tjuhlassa.<\/p>\n<div class=\"article-template__actions-paid-indicator-container\">\n<div class=\"article-actions article-actions--top margin-bottom-16\">\n<div class=\"article-actions__desktop-buttons ab-test-before-article-desktop\">\n<div class=\"ab-test-share-btn margin-right-8 last:mr-0\"><\/div>\n<\/div>\n<\/div>\n<div class=\"article-template__paid-indicator paid-indicator paid-label paid-indicator--article\" data-testid=\"paid-indicator\" aria-label=\"Tilaajille\"><\/div>\n<\/div>\n<div class=\"picture-with-caption__wrapper width-full margin-bottom-16\">\n<div class=\"flex-none\">\n<div class=\"width-full\">\n<div class=\"jsx-3597825220 aspect-ratio-container relative overflow-hidden\"><img decoding=\"async\" class=\"w-full\" src=\"https:\/\/sndp.mediadelivery.fi\/img\/468\/ba1208309ef55ba4bed83e11bf7c48e6.jpg\" alt=\"Kuvakaappaus Sarkolan ja Taivalkunnan yhteisen kyl\u00e4lehden kannesta.\" \/><\/div>\n<\/div>\n<\/div>\n<div class=\"picture-with-caption__caption picture-with-caption__caption--default-full\">\n<p class=\"article-picture-caption\">Kuvakaappaus Sarkolan ja Taivalkunnan yhteisen kyl\u00e4lehden kannesta.\u00a0<span class=\"article-picture-byline\">KUVA:\u00a0OLLI SORVA<\/span><\/p>\n<\/div>\n<\/div>\n<div class=\"timestamp-label margin-x-16 margin-bottom-16\">Nokian Uutiset 12.6. 9:00<\/div>\n<div><\/div>\n<section class=\"article-body ab-test-article-body width-full\">\n<p class=\"article-body margin-bottom-24 padding-x-16\"><span class=\"article-leadin\">OLEN<\/span>\u00a0asunut Taivalkunnassa pian 45 vuotta. Koko t\u00e4m\u00e4n ajan olen ollut aktiivisesti mukana kyl\u00e4toiminnassa ja saanut kokea rikkautena Sarkolan ja Taivalkunnan kylien yhteisty\u00f6n. Varsinkin kouluasioissa l\u00e4heinen yhteisty\u00f6 on korostunut vuosikymmenet, mist\u00e4 olen ollut kiitollinen.<\/p>\n<div class=\"sadblob-placeholder hiddenadplaceholder article-ad-placeholder\"><\/div>\n<p class=\"article-body margin-bottom-24 padding-x-16\">Yhteiset, t\u00e4rke\u00e4t ja ponnistustakin vaativat asiat tuovat luonnostaankin yhteenkuuluvuutta. En tied\u00e4 idean keksij\u00e4\u00e4, mutta t\u00e4n\u00e4 kev\u00e4\u00e4n\u00e4 Suoniemen maa- ja kotitalousseura ry tarjosi kyl\u00e4llemme uudenlaista yhteisty\u00f6t\u00e4, jonka luonnollisesti otimme kiitollisuudella vastaan.<\/p>\n<div class=\"sadblob-placeholder hiddenadplaceholder article-ad-placeholder\"><\/div>\n<p class=\"article-body margin-bottom-24 padding-x-16\">Sarkolan ja Taivalkunnan koulujen viimeisiss\u00e4 kev\u00e4tjuhlissa jaettiin oppilaille n\u00e4iden kahden kyl\u00e4n yhteinen, juuri ilmestynyt kyl\u00e4lehti. Ajatuksena oli, ett\u00e4 oppilaat saivat muistoksi omasta koulustaan henkil\u00f6kohtaisen lehden, jonka toivon omalta osaltaan s\u00e4ilytt\u00e4v\u00e4n ja jopa lis\u00e4\u00e4v\u00e4n kiinnostusta yleisestikin lehti\u00e4, kirjoja ja kirjoitettua sanaa kohtaan. Lis\u00e4ksi toivon julkaisun syvent\u00e4v\u00e4n kauniita muistoja kunkin oppilaan ensimm\u00e4isist\u00e4 kouluvuosista.<\/p>\n<blockquote class=\"citation\">\n<div class=\"citation__text\">\u201dPienet erot asuinpaikkojen v\u00e4lill\u00e4 eiv\u00e4t rajoita yhteisty\u00f6t\u00e4, vaan mahdollistavat n\u00e4hd\u00e4 asioita laajemmin.\u201d<\/div>\n<\/blockquote>\n<p class=\"article-body margin-bottom-24 padding-x-16\">Lehti jaetaan my\u00f6s kylien jokaiseen talouteen. Lehti kertoo kyl\u00e4koulujen pitk\u00e4st\u00e4 historiasta ja lis\u00e4ksi mukana on nykyisten ja entisten oppilaiden ajatuksia ja muistelmia. Lehden toimikunta ehdotti minulle, ett\u00e4 kirjoittaisin Taivalkunnan koulun historia- ja profiiliosuuden ja muun vastaavan. Nuo asiat ja tapahtumat ovat minulle hyvin tuttuja ja l\u00e4heisi\u00e4, joten mielell\u00e4ni ja kiitollisena otin teht\u00e4v\u00e4n vastaan.<\/p>\n<p class=\"article-body margin-bottom-24 padding-x-16\">N\u00e4ill\u00e4 kahdella kyl\u00e4ll\u00e4 on paljon yhteisi\u00e4 ajatuksia, mutta my\u00f6s useita eroavaisuuksia sijainnin, historian ja elinolojen suhteen. Pienet erot asuinpaikkojen v\u00e4lill\u00e4 eiv\u00e4t rajoita yhteisty\u00f6t\u00e4, vaan pikemminkin mahdollistavat n\u00e4hd\u00e4 asioita laajemmin.<\/p>\n<div class=\"sadblob-placeholder hiddenadplaceholder article-ad-placeholder\"><\/div>\n<p class=\"article-body margin-bottom-24 padding-x-16\">Rakentavaa keskustelua ja yhteisty\u00f6t\u00e4 olisi mielest\u00e4ni mahdollisuus lis\u00e4t\u00e4 nykyisest\u00e4 kaupunkimme jokaisessa toiminnassa. N\u00e4in lis\u00e4isimme ymm\u00e4rryst\u00e4mme toisiamme kohtaan entist\u00e4kin paremmin ja laadukkaammin.<\/p>\n<p class=\"article-body margin-bottom-24 padding-x-16\">Kaikesta yhteisty\u00f6st\u00e4 kaikkien kanssa kiitt\u00e4en.<\/p>\n<p class=\"article-body margin-bottom-24 padding-x-16\"><a href=\"https:\/\/www.nokianuutiset.fi\/puheenvuoro\/art-2000010492428.html#:~:text=kaikkien%20kanssa%20kiitt%C3%A4en.-,Olli%20Sorva,-Sarkolan%20ja%20Taivalkunnan\">Olli Sorva<\/a><\/p>\n<p class=\"article-body margin-bottom-24 padding-x-16\"><span class=\"article-endnote\">Sarkolan ja Taivalkunnan kyl\u00e4lehti on luettavissa my\u00f6s Virta-kirjaston lehtienlukusalissa.<\/span><\/p>\n<\/section>\n","protected":false},"excerpt":{"rendered":"<p>Kylien yhteisty\u00f6 kannattaa ja antaa lis\u00e4potkua, kirjoittaa Olli Sorva Sarkolan ja Taivalkunnan yhteinen kyl\u00e4lehti jaettiin lapsille kummankin kyl\u00e4n koulun viimeisess\u00e4 kev\u00e4tjuhlassa. Kuvakaappaus Sarkolan ja Taivalkunnan yhteisen kyl\u00e4lehden kannesta.\u00a0KUVA:\u00a0OLLI SORVA Nokian Uutiset 12.6. 9:00 OLEN\u00a0asunut Taivalkunnassa pian 45 vuotta. Koko t\u00e4m\u00e4n ajan olen ollut aktiivisesti mukana kyl\u00e4toiminnassa ja saanut kokea rikkautena Sarkolan ja Taivalkunnan kylien yhteisty\u00f6n. &hellip; <a href=\"https:\/\/www.nokiankylat.fi\/taivalkunta\/2024\/06\/12\/kylien-yhteistyo\/\">Jatkuu<\/a><\/p>\n","protected":false},"author":4,"featured_media":0,"comment_status":"closed","ping_status":"closed","sticky":false,"template":"","format":"standard","meta":{"_acf_changed":false,"footnotes":""},"categories":[1],"tags":[],"class_list":["post-4722","post","type-post","status-publish","format-standard","hentry","category-yleinen"],"acf":[],"_links":{"self":[{"href":"https:\/\/www.nokiankylat.fi\/taivalkunta\/wp-json\/wp\/v2\/posts\/4722","targetHints":{"allow":["GET"]}}],"collection":[{"href":"https:\/\/www.nokiankylat.fi\/taivalkunta\/wp-json\/wp\/v2\/posts"}],"about":[{"href":"https:\/\/www.nokiankylat.fi\/taivalkunta\/wp-json\/wp\/v2\/types\/post"}],"author":[{"embeddable":true,"href":"https:\/\/www.nokiankylat.fi\/taivalkunta\/wp-json\/wp\/v2\/users\/4"}],"replies":[{"embeddable":true,"href":"https:\/\/www.nokiankylat.fi\/taivalkunta\/wp-json\/wp\/v2\/comments?post=4722"}],"version-history":[{"count":5,"href":"https:\/\/www.nokiankylat.fi\/taivalkunta\/wp-json\/wp\/v2\/posts\/4722\/revisions"}],"predecessor-version":[{"id":4727,"href":"https:\/\/www.nokiankylat.fi\/taivalkunta\/wp-json\/wp\/v2\/posts\/4722\/revisions\/4727"}],"wp:attachment":[{"href":"https:\/\/www.nokiankylat.fi\/taivalkunta\/wp-json\/wp\/v2\/media?parent=4722"}],"wp:term":[{"taxonomy":"category","embeddable":true,"href":"https:\/\/www.nokiankylat.fi\/taivalkunta\/wp-json\/wp\/v2\/categories?post=4722"},{"taxonomy":"post_tag","embeddable":true,"href":"https:\/\/www.nokiankylat.fi\/taivalkunta\/wp-json\/wp\/v2\/tags?post=4722"}],"curies":[{"name":"wp","href":"https:\/\/api.w.org\/{rel}","templated":true}]}}