{"id":5016,"date":"2025-08-14T12:39:09","date_gmt":"2025-08-14T09:39:09","guid":{"rendered":"https:\/\/www.nokiankylat.fi\/taivalkunta\/?p=5016"},"modified":"2025-08-14T12:39:09","modified_gmt":"2025-08-14T09:39:09","slug":"taivalkunnan-vanhasta-kylakoulusta-tulee-kaikkien-yhteinen-kohtaamispaikka","status":"publish","type":"post","link":"https:\/\/www.nokiankylat.fi\/taivalkunta\/2025\/08\/14\/taivalkunnan-vanhasta-kylakoulusta-tulee-kaikkien-yhteinen-kohtaamispaikka\/","title":{"rendered":"Taivalkunnan vanhasta kyl\u00e4koulusta tulee kaikkien yhteinen kohtaamispaikka"},"content":{"rendered":"<p>Tyhjilleen j\u00e4\u00e4nyt koulu her\u00e4tet\u00e4\u00e4n henkiin kyl\u00e4l\u00e4isten yhteisvoimin! Ideointi-iltamissa on nostettu esille toiveita mm. harrastusryhmist\u00e4, eri ik\u00e4isten tapaamisista sek\u00e4 kahvilatoiminnasta. Kohtaamispaikka on kaikille avoin, viikoittainen hetki, johon voit tulla piipahtamaan kahville tai vaihtuvien teemojen \u00e4\u00e4relle. Avajaisten j\u00e4lkeen toiminta jatkuu joka sunnuntai klo 12-16.<\/p>\n<p><span class=\"\">Avajaiset vietet\u00e4\u00e4n sunnuntaina 24.8. klo 12-16. Ohjelman voit tutustua alta. Tapahtuma on kaikille avoin ja\u00a0maksuton.<\/span><\/p>\n<div class=\"\">\n<div class=\"\"><span class=\"\"><br class=\"\" \/><img loading=\"lazy\" decoding=\"async\" class=\"x_x1ga7v0g x_x16uus16 x_x15mokao x_xbiv7yw x_xz74otr\" src=\"https:\/\/static.xx.fbcdn.net\/images\/emoji.php\/v9\/t79\/2\/16\/267b.png\" alt=\"\u267b\ufe0f\" width=\"16\" height=\"16\" data-imagetype=\"External\" \/>\u00a0Vilttikirppis &#8211; Tule tekem\u00e4\u00e4n l\u00f6yt\u00f6j\u00e4\u00a0<img loading=\"lazy\" decoding=\"async\" class=\"x_x1ga7v0g x_x16uus16 x_x15mokao x_xbiv7yw x_xz74otr\" src=\"https:\/\/static.xx.fbcdn.net\/images\/emoji.php\/v9\/t79\/2\/16\/267b.png\" alt=\"\u267b\ufe0f\" width=\"16\" height=\"16\" data-imagetype=\"External\" \/><br class=\"\" \/>Kes\u00e4n lopussa on hyv\u00e4 hetki myll\u00e4t\u00e4 vaatekaapit ja pihavarastot itselle turhasta tavarasta. Tapahtumassa\u00a0voit myyd\u00e4 vanhat tavarasi uuden omistajan aarteiksi. Mukaan kannattaa ottaa oma viltti\/rekki sek\u00e4\u00a0vaihtorahaa. Kirppismyyj\u00e4t asettuvat koulun kent\u00e4lle, sateella 2. kerrokseen. Ilmoittaudu myyj\u00e4ksi 20.8.\u00a0menness\u00e4 viestitse numeroon 044 2908027.<\/span><\/p>\n<div class=\"\"><span class=\"\"><br class=\"\" \/><img loading=\"lazy\" decoding=\"async\" class=\"x_x1ga7v0g x_x16uus16 x_x15mokao x_xbiv7yw x_xz74otr\" src=\"https:\/\/static.xx.fbcdn.net\/images\/emoji.php\/v9\/t98\/2\/16\/1f48e.png\" alt=\"\ud83d\udc8e\" width=\"16\" height=\"16\" data-imagetype=\"External\" \/>\u00a0Toiminnan ideointi\u00a0<img loading=\"lazy\" decoding=\"async\" class=\"x_x1ga7v0g x_x16uus16 x_x15mokao x_xbiv7yw x_xz74otr\" src=\"https:\/\/static.xx.fbcdn.net\/images\/emoji.php\/v9\/t98\/2\/16\/1f48e.png\" alt=\"\ud83d\udc8e\" width=\"16\" height=\"16\" data-imagetype=\"External\" \/><br class=\"\" \/>Avajaiset ovat vasta kaiken pieni alkujyv\u00e4. Tapahtuman toivotaan her\u00e4tt\u00e4v\u00e4n aktiivista ideointia ja\u00a0osallistumista tulevan toiminnan toteutukseen. Paikka ja toiminta kaipaa my\u00f6s oman nimen, jota saa\u00a0ehdottaa tapahtumassa. Ehdotuksista pidet\u00e4\u00e4n some-\u00e4\u00e4nestys ja nimi julkaistaan seuraavalla kerralla 31.8.<\/span><\/p>\n<div class=\"\"><span class=\"\"><br class=\"\" \/><img loading=\"lazy\" decoding=\"async\" class=\"x_x1ga7v0g x_x16uus16 x_x15mokao x_xbiv7yw x_xz74otr\" src=\"https:\/\/static.xx.fbcdn.net\/images\/emoji.php\/v9\/te8\/2\/16\/1f4da.png\" alt=\"\ud83d\udcda\" width=\"16\" height=\"16\" data-imagetype=\"External\" \/>\u00a0Kyl\u00e4n oma kirjasto\u00a0<img loading=\"lazy\" decoding=\"async\" class=\"x_x1ga7v0g x_x16uus16 x_x15mokao x_xbiv7yw x_xz74otr\" src=\"https:\/\/static.xx.fbcdn.net\/images\/emoji.php\/v9\/te8\/2\/16\/1f4da.png\" alt=\"\ud83d\udcda\" width=\"16\" height=\"16\" data-imagetype=\"External\" \/><br class=\"\" \/>Koulun 2. kerrokseen luodaan pieni kirjasto, jossa voi heng\u00e4ht\u00e4\u00e4 monipuolisen lukemisen \u00e4\u00e4rell\u00e4 tai vied\u00e4\u00a0kirja kotiin luettavaksi. Kirjoja voi lainata ja vaihtaa aukioloaikoina sunnuntaisin klo 12-16.<\/span><\/p>\n<div class=\"\"><span class=\"\"><br class=\"\" \/><img loading=\"lazy\" decoding=\"async\" class=\"x_x1ga7v0g x_x16uus16 x_x15mokao x_xbiv7yw x_xz74otr\" src=\"https:\/\/static.xx.fbcdn.net\/images\/emoji.php\/v9\/tc2\/2\/16\/1f939_1f3fc_200d_2642.png\" alt=\"\ud83e\udd39\ud83c\udffc\u200d\u2642\ufe0f\" width=\"16\" height=\"16\" data-imagetype=\"External\" \/>\u00a0Lasten temppurata\u00a0<img loading=\"lazy\" decoding=\"async\" class=\"x_x1ga7v0g x_x16uus16 x_x15mokao x_xbiv7yw x_xz74otr\" src=\"https:\/\/static.xx.fbcdn.net\/images\/emoji.php\/v9\/tc2\/2\/16\/1f939_1f3fc_200d_2642.png\" alt=\"\ud83e\udd39\ud83c\udffc\u200d\u2642\ufe0f\" width=\"16\" height=\"16\" data-imagetype=\"External\" \/><br class=\"\" \/>Koulun saliin rakennetaan lapsille oma temmellyskentt\u00e4. Lapset saavat leikki\u00e4 alueella oman aikuisen\u00a0vastuulla.<\/span><\/p>\n<div class=\"\"><span class=\"\"><br class=\"\" \/><img loading=\"lazy\" decoding=\"async\" class=\"x_x1ga7v0g x_x16uus16 x_x15mokao x_xbiv7yw x_xz74otr\" src=\"https:\/\/static.xx.fbcdn.net\/images\/emoji.php\/v9\/tf2\/2\/16\/1f968.png\" alt=\"\ud83e\udd68\" width=\"16\" height=\"16\" data-imagetype=\"External\" \/>\u00a0Kahvila\u00a0<img loading=\"lazy\" decoding=\"async\" class=\"x_x1ga7v0g x_x16uus16 x_x15mokao x_xbiv7yw x_xz74otr\" src=\"https:\/\/static.xx.fbcdn.net\/images\/emoji.php\/v9\/tf2\/2\/16\/1f968.png\" alt=\"\ud83e\udd68\" width=\"16\" height=\"16\" data-imagetype=\"External\" \/><br class=\"\" \/>Koulun ruokalassa on tarjolla kahvia, teet\u00e4, mehua sek\u00e4 makeita herkkuja. Maksu k\u00e4teisell\u00e4. Tuotot\u00a0menev\u00e4t Kohtaamispaikan toimintaan.<\/span><\/p>\n<div class=\"\"><span class=\"\"><br class=\"\" \/>Olet l\u00e4mpim\u00e4sti tervetullut!<br class=\"\" \/>Tehd\u00e4\u00e4n kyl\u00e4st\u00e4 meid\u00e4n n\u00e4k\u00f6inen ja yhteinen kaikille nokialaisille.\u00a0<img loading=\"lazy\" decoding=\"async\" class=\"x_x1ga7v0g x_x16uus16 x_x15mokao x_xbiv7yw x_xz74otr\" src=\"https:\/\/static.xx.fbcdn.net\/images\/emoji.php\/v9\/t33\/2\/16\/1f49a.png\" alt=\"\ud83d\udc9a\" width=\"16\" height=\"16\" data-imagetype=\"External\" \/><br class=\"\" \/><\/span><\/div>\n<div class=\"\">\n<div class=\"\"><span class=\"\">\u00a0<\/span><\/div>\n<div class=\"\"><b class=\"\">Seuraa tapahtumaa somessa<\/b>:<\/div>\n<div class=\"\"><a class=\"\" title=\"https:\/\/www.facebook.com\/events\/4015207515292748\" href=\"https:\/\/www.facebook.com\/events\/4015207515292748\" data-auth=\"NotApplicable\" data-linkindex=\"0\">Facebook-tapahtuma<\/a><\/div>\n<div class=\"\"><a class=\"\" title=\"https:\/\/www.instagram.com\/taivalkunnanilmoitustaulu\/?hl=fi\" href=\"https:\/\/www.instagram.com\/taivalkunnanilmoitustaulu\/?hl=fi\" data-auth=\"NotApplicable\" data-linkindex=\"1\">Taivalkunnan Instagram\u00a0<\/a><\/div>\n<\/div>\n<\/div>\n<\/div>\n<\/div>\n<\/div>\n<\/div>\n<\/div>\n","protected":false},"excerpt":{"rendered":"<p>Tyhjilleen j\u00e4\u00e4nyt koulu her\u00e4tet\u00e4\u00e4n henkiin kyl\u00e4l\u00e4isten yhteisvoimin! Ideointi-iltamissa on nostettu esille toiveita mm. harrastusryhmist\u00e4, eri ik\u00e4isten tapaamisista sek\u00e4 kahvilatoiminnasta. Kohtaamispaikka on kaikille avoin, viikoittainen hetki, johon voit tulla piipahtamaan kahville tai vaihtuvien teemojen \u00e4\u00e4relle. Avajaisten j\u00e4lkeen toiminta jatkuu joka sunnuntai klo 12-16. Avajaiset vietet\u00e4\u00e4n sunnuntaina 24.8. klo 12-16. Ohjelman voit tutustua alta. Tapahtuma on kaikille &hellip; <a href=\"https:\/\/www.nokiankylat.fi\/taivalkunta\/2025\/08\/14\/taivalkunnan-vanhasta-kylakoulusta-tulee-kaikkien-yhteinen-kohtaamispaikka\/\">Jatkuu<\/a><\/p>\n","protected":false},"author":4,"featured_media":0,"comment_status":"closed","ping_status":"closed","sticky":false,"template":"","format":"standard","meta":{"_acf_changed":false,"footnotes":""},"categories":[1],"tags":[],"class_list":["post-5016","post","type-post","status-publish","format-standard","hentry","category-yleinen"],"acf":[],"_links":{"self":[{"href":"https:\/\/www.nokiankylat.fi\/taivalkunta\/wp-json\/wp\/v2\/posts\/5016","targetHints":{"allow":["GET"]}}],"collection":[{"href":"https:\/\/www.nokiankylat.fi\/taivalkunta\/wp-json\/wp\/v2\/posts"}],"about":[{"href":"https:\/\/www.nokiankylat.fi\/taivalkunta\/wp-json\/wp\/v2\/types\/post"}],"author":[{"embeddable":true,"href":"https:\/\/www.nokiankylat.fi\/taivalkunta\/wp-json\/wp\/v2\/users\/4"}],"replies":[{"embeddable":true,"href":"https:\/\/www.nokiankylat.fi\/taivalkunta\/wp-json\/wp\/v2\/comments?post=5016"}],"version-history":[{"count":3,"href":"https:\/\/www.nokiankylat.fi\/taivalkunta\/wp-json\/wp\/v2\/posts\/5016\/revisions"}],"predecessor-version":[{"id":5019,"href":"https:\/\/www.nokiankylat.fi\/taivalkunta\/wp-json\/wp\/v2\/posts\/5016\/revisions\/5019"}],"wp:attachment":[{"href":"https:\/\/www.nokiankylat.fi\/taivalkunta\/wp-json\/wp\/v2\/media?parent=5016"}],"wp:term":[{"taxonomy":"category","embeddable":true,"href":"https:\/\/www.nokiankylat.fi\/taivalkunta\/wp-json\/wp\/v2\/categories?post=5016"},{"taxonomy":"post_tag","embeddable":true,"href":"https:\/\/www.nokiankylat.fi\/taivalkunta\/wp-json\/wp\/v2\/tags?post=5016"}],"curies":[{"name":"wp","href":"https:\/\/api.w.org\/{rel}","templated":true}]}}